{"id":1622,"date":"2026-04-06T13:31:59","date_gmt":"2026-04-06T17:31:59","guid":{"rendered":"https:\/\/votredefense.com\/cannabis-aumento-de-la-edad-legal-de-18-a-21-anos-a-partir-del-1-de-enero-de-2020\/"},"modified":"2026-04-06T19:27:43","modified_gmt":"2026-04-06T23:27:43","slug":"cannabis-aumento-edad-legal-2020","status":"publish","type":"post","link":"https:\/\/votredefense.com\/es\/cannabis-aumento-edad-legal-2020\/","title":{"rendered":"Cannabis: Aumento de la edad legal de 18 a 21 a\u00f1os a partir del 1 de enero de 2020"},"content":{"rendered":"<h3>Cannabis: Aumento de la edad legal de 18 a 21 a\u00f1os desde el 1 de enero de 2020<\/h3>\n<p><span style=\"font-weight: 400;\">Las modificaciones y adiciones previstas en esta ley se refieren principalmente a:<\/span><\/p>\n<h3><span style=\"font-weight: 400;\">Uso de cannabis en lugares p\u00fablicos<\/span><span style=\"font-weight: 400;\"> <\/span><\/h3>\n<p><span style=\"font-weight: 400;\">Ahora est\u00e1 prohibido fumar o \u00abvapear\u00bb cannabis en cualquier lugar p\u00fablico interior o exterior, incluyendo la v\u00eda p\u00fablica.<\/span><\/p>\n<h3><span style=\"font-weight: 400;\">Aumento de la edad legal<\/span><\/h3>\n<p><span style=\"font-weight: 400;\">A partir del 1<\/span><span style=\"font-weight: 400;\">\u00ba<\/span><span style=\"font-weight: 400;\"> de enero de 2020, la edad legal m\u00ednima para, entre otras cosas, poseer, comprar o tener acceso a los locales de la SQDC se aumentar\u00e1 a 21 a\u00f1os.<\/span><\/p>\n<p><span style=\"font-weight: 400;\">Se trata por lo tanto de una prohibici\u00f3n completa respecto de todos los aspectos del cannabis para las personas menores de 21 a\u00f1os.<\/span><\/p>\n<h3><span style=\"font-weight: 400;\">Posesi\u00f3n en un lugar p\u00fablico<\/span><\/h3>\n<p><span style=\"font-weight: 400;\">La posesi\u00f3n de cannabis en un lugar p\u00fablico sigue siendo la misma, siempre es posible poseer 30 gramos de cannabis seco o su equivalente en un lugar p\u00fablico, excepto para una persona menor de 21 a\u00f1os. <\/span><\/p>\n<h3><span style=\"font-weight: 400;\">Posesi\u00f3n en una residencia privada<\/span><\/h3>\n<p><span style=\"font-weight: 400;\">En el caso de una residencia privada, el l\u00edmite de posesi\u00f3n de 150 gramos de cannabis seco o su equivalente se aplica independientemente del n\u00famero de personas mayores de edad (en el sentido de esta ley, es decir, de 21 a\u00f1os en adelante) que habiten en ella. <\/span><\/p>\n<p><span style=\"font-weight: 400;\">Por lo dem\u00e1s, una persona de 21 a\u00f1os en adelante no puede poseer \u2013 en total \u2013 m\u00e1s de 150 gramos de cannabis seco o su equivalente en varios lugares, en particular en todas sus residencias.<\/span><\/p>\n<h3><span style=\"font-weight: 400;\">Prohibici\u00f3n de posesi\u00f3n en ciertos lugares espec\u00edficos<\/span><\/h3>\n<p><span style=\"font-weight: 400;\">La prohibici\u00f3n de poseer cannabis en ciertos lugares, en particular lugares p\u00fablicos que acogen principalmente a menores, sigue siendo la misma:<\/span><\/p>\n<h3><strong>Por lo tanto, sigue siendo prohibido poseer cannabis en lugares como:<\/strong><\/h3>\n<ul>\n<li style=\"font-weight: 400;\"><strong>Los terrenos, locales y edificios de un establecimiento de educaci\u00f3n preescolar, de ense\u00f1anza primaria o secundaria, de servicios educativos en formaci\u00f3n profesional o de servicios educativos para adultos en formaci\u00f3n general, de un establecimiento de educaci\u00f3n superior;<\/strong><\/li>\n<li style=\"font-weight: 400;\"><strong>Los terrenos, locales y edificios de un establecimiento de ense\u00f1anza universitaria, con exclusi\u00f3n de las residencias para estudiantes;<\/strong><\/li>\n<li style=\"font-weight: 400;\"><strong>Los terrenos e instalaciones de un Centro de la Primera Infancia o de una guarder\u00eda;<\/strong><\/li>\n<li style=\"font-weight: 400;\"><strong>Los terrenos, locales y edificios utilizados para la detenci\u00f3n de personas.<\/strong><\/li>\n<\/ul>\n<p>&nbsp;<\/p>\n<h2><span style=\"font-weight: 400;\">TOLERANCIA CERO en materia de seguridad vial<\/span><\/h2>\n<p><span style=\"font-weight: 400;\">Sigue siendo prohibido a cualquier persona conducir un veh\u00edculo de motor o tener su custodia y control si hay alguna presencia detectable de cannabis u otra droga en su organismo. <\/span><\/p>\n<p><span style=\"font-weight: 400;\">Cannabis en el ambiente laboral.<\/span><\/p>\n<p><span style=\"font-weight: 400;\">La ley que regula el cannabis precisa que un empleador puede, en virtud de su derecho de direcci\u00f3n, encuadrar el uso del cannabis, e incluso prohibirlo, en relaci\u00f3n con la prestaci\u00f3n de trabajo.<\/span><\/p>\n<p><span style=\"font-weight: 400;\">Este oto\u00f1o, tambi\u00e9n se han hecho aclaraciones a la <\/span><i><span style=\"font-weight: 400;\">Ley sobre la salud y la seguridad en el trabajo<\/span><\/i><span style=\"font-weight: 400;\">.<\/span><\/p>\n<p><span style=\"font-weight: 400;\">Estas modificaciones no impactan en nada las disposiciones del C\u00f3digo Penal que se aplica independientemente de la legislaci\u00f3n de Quebec.<\/span><\/p>\n<p><strong>\u00bfTiene preguntas? No dude en contactar a uno de nuestros Abogados al (514) 990-3430.<\/strong><\/p>\n<h2><strong>Su Defensa<\/strong><\/h2>\n<p>229-3221, autopista Laval O.<br \/>\nLaval (QC) H7P 5P2<br \/>\n514-990-3430<br \/>\n450-934-3414<\/p>\n<p><a class=\"moz-txt-link-abbreviated\" href=\"https:\/\/www.votredefense.com\">www.VotreDefense.com<\/a><br \/>\n<a class=\"moz-txt-link-abbreviated\" href=\"mailto:info@votredefense.com\">info@votredefense.com<\/a><\/p>\n","protected":false},"excerpt":{"rendered":"<p>Cannabis: Aumento de la edad legal de 18 a 21 a\u00f1os desde el 1 de enero de 2020 Las modificaciones y adiciones previstas en esta ley se refieren principalmente a: Uso de cannabis en lugares p\u00fablicos Ahora est\u00e1 prohibido fumar&#8230;<\/p>\n","protected":false},"author":0,"featured_media":0,"comment_status":"closed","ping_status":"closed","sticky":false,"template":"","format":"standard","meta":{"footnotes":""},"categories":[19],"tags":[],"class_list":["post-1622","post","type-post","status-publish","format-standard","hentry","category-non-classifiee"],"_links":{"self":[{"href":"https:\/\/votredefense.com\/es\/wp-json\/wp\/v2\/posts\/1622","targetHints":{"allow":["GET"]}}],"collection":[{"href":"https:\/\/votredefense.com\/es\/wp-json\/wp\/v2\/posts"}],"about":[{"href":"https:\/\/votredefense.com\/es\/wp-json\/wp\/v2\/types\/post"}],"replies":[{"embeddable":true,"href":"https:\/\/votredefense.com\/es\/wp-json\/wp\/v2\/comments?post=1622"}],"version-history":[{"count":1,"href":"https:\/\/votredefense.com\/es\/wp-json\/wp\/v2\/posts\/1622\/revisions"}],"predecessor-version":[{"id":1663,"href":"https:\/\/votredefense.com\/es\/wp-json\/wp\/v2\/posts\/1622\/revisions\/1663"}],"wp:attachment":[{"href":"https:\/\/votredefense.com\/es\/wp-json\/wp\/v2\/media?parent=1622"}],"wp:term":[{"taxonomy":"category","embeddable":true,"href":"https:\/\/votredefense.com\/es\/wp-json\/wp\/v2\/categories?post=1622"},{"taxonomy":"post_tag","embeddable":true,"href":"https:\/\/votredefense.com\/es\/wp-json\/wp\/v2\/tags?post=1622"}],"curies":[{"name":"wp","href":"https:\/\/api.w.org\/{rel}","templated":true}]}}