{"id":1596,"date":"2019-07-11T16:00:50","date_gmt":"2019-07-11T20:00:50","guid":{"rendered":"https:\/\/votredefense.com\/demande-de-pardon-au-canada\/"},"modified":"2019-07-11T16:00:50","modified_gmt":"2019-07-11T20:00:50","slug":"demande-de-pardon-au-canada","status":"publish","type":"post","link":"https:\/\/votredefense.com\/es\/demande-de-pardon-au-canada\/","title":{"rendered":"Demande de pardon au Canada"},"content":{"rendered":"\r\n<h6 class=\"wp-block-heading\"><em>ARTICLE 3 \u00c0 4.4 DE LA LOI SUR LE CASIER JUDICIAIRE<\/em><\/h6>\r\n\r\n\r\n\r\n<h4 class=\"wp-block-heading\"><strong>Les impacts d\u2019un casier judiciaire ou dossier criminel :<\/strong><\/h4>\r\n\r\n\r\n\r\n<p>Si vous avez \u00e9t\u00e9 reconnu coupable d\u2019une&nbsp;infraction de nature criminelle, vous avez \u00e0 pr\u00e9sent un&nbsp;casier judiciaire,&nbsp;aussi commun\u00e9ment appel\u00e9 dossier criminel. Cela peut avoir un grand impact au niveau de votre vie professionnelle ou votre vie priv\u00e9e. Le&nbsp;pardon, aussi appel\u00e9 suspension du casier judiciaire, est une proc\u00e9dure qui permet de continuer votre vie sans subir la stigmatisation sociale et les cons\u00e9quences li\u00e9es \u00e0 un dossier criminel. Cette proc\u00e9dure vous permet d\u2019appliquer sur de nouveaux emplois sans avoir \u00e0 d\u00e9clar\u00e9 votre pass\u00e9 et sans que personne, lors de v\u00e9rification aupr\u00e8s des autorit\u00e9s, n\u2019ait la possibilit\u00e9 d\u2019acc\u00e9der \u00e0 votre casier judiciaire.<\/p>\r\n\r\n\r\n\r\n<h4 class=\"wp-block-heading\"><strong>D\u00e9lais pour une demande de pardon :<\/strong><\/h4>\r\n\r\n\r\n\r\n<p>D\u00e9pendamment de la proc\u00e9dure utilis\u00e9e pour vous poursuivre et de l\u2019infraction qui a \u00e9t\u00e9 commise, une demande de pardon pourra \u00eatre faite&nbsp;apr\u00e8s une p\u00e9riode de 5 ou 10 ans&nbsp;suivant la fin de l\u2019application de votre sentence. Si les proc\u00e9dures intent\u00e9es contre vous \u00e9taient par&nbsp;voie sommaire&nbsp;(sans incarc\u00e9ration avant votre proc\u00e8s), la demande pourra \u00eatre faite dans les 5 ans et le d\u00e9lai sera de 10 ans dans le cas d\u2019une&nbsp;accusation par acte criminel.<\/p>\r\n\r\n\r\n\r\n<h4 class=\"wp-block-heading\"><strong>Absolution :<\/strong><\/h4>\r\n\r\n\r\n\r\n<p>Si vous avez fait face \u00e0 une&nbsp;absolution inconditionnelle, une proc\u00e9dure diff\u00e9rente mais toute aussi importante pourra \u00eatre entreprise&nbsp;apr\u00e8s une p\u00e9riode de 1 ans. Si votre absolution \u00e9tait conditionnelle, le d\u00e9lai de la demande sera de 3 ans.<\/p>\r\n\r\n\r\n\r\n<h4 class=\"wp-block-heading\"><strong>Demande de pardon pour voyager :<\/strong><\/h4>\r\n\r\n\r\n\r\n<p>Toutefois, si votre but principal est de voyager, la demande de pardon n\u2019est pas la proc\u00e9dure ad\u00e9quate \u00e0 suivre. R\u00e9f\u00e9rez-vous \u00e0 notre section sur le\u00a0<a href=\"https:\/\/votredefense.com\/wp-admin\/post.php?post=379&amp;action=edit\">WAIVER AM\u00c9RICAIN\u00a0 pour passer <\/a><a href=\"https:\/\/votredefense.com\/waiver-pour-passer-les-douanes-americaine-usa\/\">la<\/a><a href=\"https:\/\/votredefense.com\/wp-admin\/post.php?post=379&amp;action=edit\"> fronti\u00e8re am\u00e9ricaine.<\/a><\/p>\r\n\r\n\r\n\r\n<h4 class=\"wp-block-heading\"><strong>Comment proc\u00e9der pour faire une demande de pardon :<\/strong><\/h4>\r\n\r\n\r\n\r\n<p>Pour obtenir une demande de pardon,&nbsp;veuillez nous contacter&nbsp;et un de nos avocats se chargera de votre dossier. De cette fa\u00e7on vous \u00eates assurez que tous les documents n\u00e9cessaires et&nbsp;toutes les \u00e9tapes auront \u00e9t\u00e9 accomplies ad\u00e9quatement. Prenez note qu\u2019une demande incompl\u00e8te transmise aux autorit\u00e9s comp\u00e9tentes vous sera retourn\u00e9e et que vous serez dans l\u2019obligation de d\u00e9poser une toute nouvelle demande. Cette deuxi\u00e8me demande sera trait\u00e9e comme toute nouvelle demande et devra subir les m\u00eames d\u00e9lais de traitement et les m\u00eames frais d\u2019\u00e9tude du dossier devront \u00eatre d\u00e9bours\u00e9s \u00e0 nouveau.<\/p>\r\n\r\n\r\n\r\n<h4 class=\"wp-block-heading\"><strong>D\u00e9lais de traitement pour une suspension de dossier :<\/strong><\/h4>\r\n\r\n\r\n\r\n<p>Les d\u00e9lais de traitement d\u2019une demande&nbsp;peuvent varier entre 3 et 12 mois&nbsp;d\u00e9butant avec la r\u00e9ception de la demande au bureau des autorit\u00e9s comp\u00e9tentes. Veuillez noter que toutes les demandes de suspension de casier judiciaire, ainsi que les demandes de&nbsp;Waiver am\u00e9ricain&nbsp;sont compl\u00e9t\u00e9es par des avocats sp\u00e9cialis\u00e9s dans le domaine.<\/p>\r\n\r\n\r\n\r\n<p>Appelez-nous imm\u00e9diatement au&nbsp;<strong><a href=\"tel:514-990-3430\">514 990-3430<\/a><\/strong>&nbsp;pour commencer cette proc\u00e9dure importante !<\/p>\r\n","protected":false},"excerpt":{"rendered":"<p>ARTICLE 3 \u00c0 4.4 DE LA LOI SUR LE CASIER JUDICIAIRE Les impacts d\u2019un casier judiciaire ou dossier criminel : Si vous avez \u00e9t\u00e9 reconnu coupable d\u2019une&nbsp;infraction de nature criminelle, vous avez \u00e0 pr\u00e9sent un&nbsp;casier judiciaire,&nbsp;aussi commun\u00e9ment appel\u00e9 dossier criminel&#8230;.<\/p>\n","protected":false},"author":3,"featured_media":0,"comment_status":"closed","ping_status":"closed","sticky":false,"template":"","format":"standard","meta":{"footnotes":""},"categories":[65,74],"tags":[],"class_list":["post-1596","post","type-post","status-publish","format-standard","hentry","category-chroniques-juridiques-es","category-pardon-waiver-es"],"_links":{"self":[{"href":"https:\/\/votredefense.com\/es\/wp-json\/wp\/v2\/posts\/1596","targetHints":{"allow":["GET"]}}],"collection":[{"href":"https:\/\/votredefense.com\/es\/wp-json\/wp\/v2\/posts"}],"about":[{"href":"https:\/\/votredefense.com\/es\/wp-json\/wp\/v2\/types\/post"}],"author":[{"embeddable":true,"href":"https:\/\/votredefense.com\/es\/wp-json\/wp\/v2\/users\/3"}],"replies":[{"embeddable":true,"href":"https:\/\/votredefense.com\/es\/wp-json\/wp\/v2\/comments?post=1596"}],"version-history":[{"count":0,"href":"https:\/\/votredefense.com\/es\/wp-json\/wp\/v2\/posts\/1596\/revisions"}],"wp:attachment":[{"href":"https:\/\/votredefense.com\/es\/wp-json\/wp\/v2\/media?parent=1596"}],"wp:term":[{"taxonomy":"category","embeddable":true,"href":"https:\/\/votredefense.com\/es\/wp-json\/wp\/v2\/categories?post=1596"},{"taxonomy":"post_tag","embeddable":true,"href":"https:\/\/votredefense.com\/es\/wp-json\/wp\/v2\/tags?post=1596"}],"curies":[{"name":"wp","href":"https:\/\/api.w.org\/{rel}","templated":true}]}}