{"id":1546,"date":"2019-09-03T15:50:45","date_gmt":"2019-09-03T19:50:45","guid":{"rendered":"https:\/\/votredefense.com\/commission-des-transports-du-quebec-pour-proprietaire-ou-exploitant-de-vehicules-lourds-pevl-cvl\/"},"modified":"2019-09-03T15:50:45","modified_gmt":"2019-09-03T19:50:45","slug":"commission-des-transports-du-quebec-pour-proprietaire-ou-exploitant-de-vehicules-lourds-pevl-cvl","status":"publish","type":"post","link":"https:\/\/votredefense.com\/es\/commission-des-transports-du-quebec-pour-proprietaire-ou-exploitant-de-vehicules-lourds-pevl-cvl\/","title":{"rendered":"Commission des transports du Qu\u00e9bec pour propri\u00e9taire ou exploitant de v\u00e9hicules lourds PEVL-CVL"},"content":{"rendered":"<h3><b>Audience devant la Commission des transports du Qu\u00e9bec CTQ<\/b><\/h3>\n<p><span style=\"font-weight: 400;\">Si vous \u00eates convoqu\u00e9 par la Commission des transports du Qu\u00e9bec pour la v\u00e9rification de votre comportement en tant que propri\u00e9taire ou exploitant de v\u00e9hicules lourds ou en tant que conducteur de v\u00e9hicules lourds, nous pouvons vous aider.\u00a0<\/span><\/p>\n<p><span style=\"font-weight: 400;\">Nos avocats sp\u00e9cialis\u00e9s dans le domaine sauront vous offrir la pr\u00e9paration n\u00e9cessaire \u00e0 l\u2019audience devant la Commission des transports du Qu\u00e9bec. \u00c9galement, ils vous accompagneront afin de faire les repr\u00e9sentations devant le commissaire charg\u00e9 de l\u2019\u00e9tude de votre dossier. Cette assistance de la part de nos avocats, maximisera vos chances de maintenir une cote de s\u00e9curit\u00e9 au niveau \u00ab satisfaisant \u00bb et de conserver votre privil\u00e8ge de conduire des v\u00e9hicules lourds.\u00a0<\/span><\/p>\n<p><span style=\"font-weight: 400;\">Nous savons que ces audiences sont importantes puis qu\u2019elles vous permettent d\u2019exercer votre profession. <\/span><\/p>\n<p><span style=\"font-weight: 400;\">N\u2019attendez pas qu\u2019il soit trop tard, contactez-nous.<\/span><\/p>\n<h2><strong>Votre D\u00e9fense \/ Solution Ticket<\/strong><\/h2>\n<p>229-3221, autoroute Laval O.<br \/>\nLaval (QC) H7P 5P2<br \/>\n514-990-3430<br \/>\n450-934-3414<\/p>\n<p><a class=\"moz-txt-link-abbreviated\" href=\"https:\/\/www.votredefense.com\">www.VotreDefense.com<\/a><br \/>\n<a class=\"moz-txt-link-abbreviated\" href=\"mailto:info@votredefense.com\">info@votredefense.com<\/a><\/p>\n<p>Heures d\u2019ouverture<br \/>\nDu Lundi au Vendredi : 9h00\u201317h00<br \/>\nUrgences : 7 jours 24\/24<\/p>\n","protected":false},"excerpt":{"rendered":"<p>Audience devant la Commission des transports du Qu\u00e9bec CTQ Si vous \u00eates convoqu\u00e9 par la Commission des transports du Qu\u00e9bec pour la v\u00e9rification de votre comportement en tant que propri\u00e9taire ou exploitant de v\u00e9hicules lourds ou en tant que conducteur&#8230;<\/p>\n","protected":false},"author":3,"featured_media":0,"comment_status":"closed","ping_status":"closed","sticky":false,"template":"","format":"standard","meta":{"footnotes":""},"categories":[53],"tags":[],"class_list":["post-1546","post","type-post","status-publish","format-standard","hentry","category-sin-categorizar"],"_links":{"self":[{"href":"https:\/\/votredefense.com\/es\/wp-json\/wp\/v2\/posts\/1546","targetHints":{"allow":["GET"]}}],"collection":[{"href":"https:\/\/votredefense.com\/es\/wp-json\/wp\/v2\/posts"}],"about":[{"href":"https:\/\/votredefense.com\/es\/wp-json\/wp\/v2\/types\/post"}],"author":[{"embeddable":true,"href":"https:\/\/votredefense.com\/es\/wp-json\/wp\/v2\/users\/3"}],"replies":[{"embeddable":true,"href":"https:\/\/votredefense.com\/es\/wp-json\/wp\/v2\/comments?post=1546"}],"version-history":[{"count":0,"href":"https:\/\/votredefense.com\/es\/wp-json\/wp\/v2\/posts\/1546\/revisions"}],"wp:attachment":[{"href":"https:\/\/votredefense.com\/es\/wp-json\/wp\/v2\/media?parent=1546"}],"wp:term":[{"taxonomy":"category","embeddable":true,"href":"https:\/\/votredefense.com\/es\/wp-json\/wp\/v2\/categories?post=1546"},{"taxonomy":"post_tag","embeddable":true,"href":"https:\/\/votredefense.com\/es\/wp-json\/wp\/v2\/tags?post=1546"}],"curies":[{"name":"wp","href":"https:\/\/api.w.org\/{rel}","templated":true}]}}