{"id":1530,"date":"2023-11-23T10:07:02","date_gmt":"2023-11-23T14:07:02","guid":{"rendered":"https:\/\/votredefense.com\/alcool-au-volant-antidemarreur-a-vie-apres-deux-condamnations\/"},"modified":"2023-11-23T10:07:02","modified_gmt":"2023-11-23T14:07:02","slug":"alcool-au-volant-antidemarreur-a-vie-apres-deux-condamnations","status":"publish","type":"post","link":"https:\/\/votredefense.com\/es\/alcool-au-volant-antidemarreur-a-vie-apres-deux-condamnations\/","title":{"rendered":"Alcool au volant: antid\u00e9marreur \u00e0 vie apr\u00e8s deux condamnations ?"},"content":{"rendered":"<h3>Alcool au volant: antid\u00e9marreur \u00e0 vie apr\u00e8s deux condamnations ?<\/h3>\n<p class=\"paragraph\">Qu\u00e9bec a resserr\u00e9 ses r\u00e8gles concernant la conduite avec facult\u00e9s affaiblies. Depuis le 25 novembre 2019, un conducteur coupable d\u2019une deuxi\u00e8me infraction en mati\u00e8re de conduite avec facult\u00e9s affaiblies se verra imposer un <strong>antid\u00e9marreur \u00e0 vie<\/strong>.<\/p>\n<p class=\"paragraph\">La deuxi\u00e8me condamnation doit survenir \u00e0 l\u2019int\u00e9rieur d\u2019une p\u00e9riode de 10 ans de la premi\u00e8re infraction.<\/p>\n<p class=\"paragraph\">La modification, qui d\u00e9coule de changements apport\u00e9s au Code de la s\u00e9curit\u00e9 routi\u00e8re en 2018, arrive \u00e0 temps pour la p\u00e9riode des F\u00eates et la campagne annuelle de sensibilisation contre la conduite avec facult\u00e9s affaiblies de la Soci\u00e9t\u00e9 de l\u2019assurance automobile du Qu\u00e9bec (SAAQ).<\/p>\n<p class=\"paragraph\">Auparavant, l\u2019imposition d\u2019un antid\u00e9marreur \u00e9thylom\u00e9trique se faisait apr\u00e8s la troisi\u00e8me infraction, ou d\u00e8s la premi\u00e8re r\u00e9cidive en cas de facteurs aggravants, comme un taux d\u2019alcool\u00e9mie tr\u00e8s \u00e9lev\u00e9 ou le refus d\u2019obtemp\u00e9rer aux policiers.<\/p>\n<p class=\"paragraph\">Si l\u2019antid\u00e9marreur sera dor\u00e9navant impos\u00e9 \u00e0 vie apr\u00e8s r\u00e9cidive, il sera possible pour un conducteur de s\u2019adresser \u00e0 la Cour du Qu\u00e9bec apr\u00e8s 10 ans pour faire lever l\u2019obligation, sauf s\u2019il s\u2019agit d\u2019un multir\u00e9cidiviste.<\/p>\n<h3><strong>Sanctions:<\/strong><\/h3>\n<p>Pour ces deux situations, le code de la s\u00e9curit\u00e9 routi\u00e8re pr\u00e9voit des mesures imm\u00e9diates qui sont\u00a0: une suspension imm\u00e9diate du permis de conduire d\u2019une dur\u00e9e de 90 jours, 30 jours de saisie du v\u00e9hicule et une \u00e9valuation du risque.<br \/>\nDans le cas o\u00f9 une personne est reconnue coupable de cette infraction, le code criminel pr\u00e9voit une peine minimale de 2 000.00$ d\u2019amende, un casier judiciaire et une interdiction de conduire de 1 an pour une premi\u00e8re infraction. \u00c0 cela s\u2019ajoutent les sanctions pr\u00e9vues au Code de la s\u00e9curit\u00e9 routi\u00e8re qui comprennent : une r\u00e9vocation du permis de conduire pour 3 ans(concomitante \u00e0 l\u2019interdiction de 1 an pr\u00e9vue au code criminel) avec la possibilit\u00e9 de conduire un v\u00e9hicule muni d\u2019un antid\u00e9marreur \u00e9thylom\u00e9trique, puis une \u00e9valuation du maintien des acquis ou une \u00e9valuation compl\u00e8te.<\/p>\n<h4><strong>Suite \u00e0 la p\u00e9riode de r\u00e9vocation de 3 ans et \u00e0 la r\u00e9ussite de l\u2019\u00e9valuation, s\u2019ajoute une p\u00e9riode de 2 ans durant laquelle l\u2019utilisation d\u2019un antid\u00e9marreur \u00e9thylom\u00e9trique est obligatoire. Il y aura donc au total une p\u00e9riode de 5 ans durant laquelle l\u2019utilisation d\u2019un antid\u00e9marreur \u00e9thylom\u00e9trique sera obligatoire.<\/strong><\/h4>\n<p><strong>Votre D\u00e9fense Avocats<\/strong><\/p>\n<p><strong>229-3221, autoroute Laval O.<\/strong><br \/>\n<strong>Laval (QC) H7P 5P2<\/strong><br \/>\n<strong>514-990-3430<\/strong><\/p>\n<p><strong>www.VotreDefense.com<\/strong><br \/>\n<strong>info@votredefense.com<\/strong><\/p>\n","protected":false},"excerpt":{"rendered":"<p>Alcool au volant: antid\u00e9marreur \u00e0 vie apr\u00e8s deux condamnations ? Qu\u00e9bec a resserr\u00e9 ses r\u00e8gles concernant la conduite avec facult\u00e9s affaiblies. Depuis le 25 novembre 2019, un conducteur coupable d\u2019une deuxi\u00e8me infraction en mati\u00e8re de conduite avec facult\u00e9s affaiblies se&#8230;<\/p>\n","protected":false},"author":3,"featured_media":1531,"comment_status":"closed","ping_status":"closed","sticky":false,"template":"","format":"standard","meta":{"footnotes":""},"categories":[65,66,73],"tags":[],"class_list":["post-1530","post","type-post","status-publish","format-standard","has-post-thumbnail","hentry","category-chroniques-juridiques-es","category-droit-criminel-es","category-services-es"],"_links":{"self":[{"href":"https:\/\/votredefense.com\/es\/wp-json\/wp\/v2\/posts\/1530","targetHints":{"allow":["GET"]}}],"collection":[{"href":"https:\/\/votredefense.com\/es\/wp-json\/wp\/v2\/posts"}],"about":[{"href":"https:\/\/votredefense.com\/es\/wp-json\/wp\/v2\/types\/post"}],"author":[{"embeddable":true,"href":"https:\/\/votredefense.com\/es\/wp-json\/wp\/v2\/users\/3"}],"replies":[{"embeddable":true,"href":"https:\/\/votredefense.com\/es\/wp-json\/wp\/v2\/comments?post=1530"}],"version-history":[{"count":0,"href":"https:\/\/votredefense.com\/es\/wp-json\/wp\/v2\/posts\/1530\/revisions"}],"wp:featuredmedia":[{"embeddable":true,"href":"https:\/\/votredefense.com\/es\/wp-json\/wp\/v2\/media\/1531"}],"wp:attachment":[{"href":"https:\/\/votredefense.com\/es\/wp-json\/wp\/v2\/media?parent=1530"}],"wp:term":[{"taxonomy":"category","embeddable":true,"href":"https:\/\/votredefense.com\/es\/wp-json\/wp\/v2\/categories?post=1530"},{"taxonomy":"post_tag","embeddable":true,"href":"https:\/\/votredefense.com\/es\/wp-json\/wp\/v2\/tags?post=1530"}],"curies":[{"name":"wp","href":"https:\/\/api.w.org\/{rel}","templated":true}]}}